{"id":218,"date":"2018-03-12T20:07:32","date_gmt":"2018-03-12T19:07:32","guid":{"rendered":"https:\/\/www.rufv-bruckhausen.de\/?p=218"},"modified":"2018-03-12T22:34:56","modified_gmt":"2018-03-12T21:34:56","slug":"bericht-der-jahreshauptversammlung","status":"publish","type":"post","link":"https:\/\/www.rufv-bruckhausen.de\/?p=218","title":{"rendered":"Bericht der Jahreshauptversammlung"},"content":{"rendered":"<p>Am 02.02.2018 fand in der Vereins-Gastst\u00e4tte R\u00fchl in Bruckhausen die Jahreshauptversammlung des RUFV Bruckhausen 1925 e.V. statt.<br \/>\nViele aktive und passive Vereinsmitglieder, sowie auch die Ehrenmitglieder erschienen zu der Versammlung am vergangenem Freitag.<\/p>\n<p><strong>Auch die Politik mit B\u00fcrgermeister Dirk Buschmann, Egon Beckmann (CDU) und Horst Meyer (SPD) nahmen teil.<\/strong><\/p>\n<p>Der Vorstand, die Mitglieder und auch die Vertreter der Politik haben sich f\u00fcr einen Erhalt des Vereins ausgesprochen. In den kommenden Wochen und Monaten wird nach einer L\u00f6sung gesucht, welche f\u00fcr alle Seiten tragbar und zufriedenstellend ist.<\/p>\n<p>\u201eWir hoffen, im Jahr 2025 unser 100-j\u00e4hriges Bestehen feiern zu k\u00f6nnen\u201c \u2013 versicherte der Vorsitzende Paul R\u00f6sel.<\/p>\n<p>Das diesj\u00e4hrige Himmelfahrtsturnier wird aufgrund des Abrisses der Reithalle, ausnahmsweise am Vereinsgel\u00e4ndes des H\u00fcnxer Reitvereins stattfinden.<br \/>\nIm n\u00e4chsten Jahr soll das Traditionsturnier aber wie gewohnt an das Vereinsgel\u00e4nde am Sternweg zur\u00fcckkehren.<\/p>\n<p>Nachdem der Haushaltsplan einstimmig genehmigt und der Vorstand entlastet wurde, stand die Wahl des 2. Vorsitzenden, sowie aller anderen 2ten Vorstandmitglieder, Kassierer und Beisitzer an. Einstimmig wurde die Wiederwahl beschlossen.<br \/>\nAls Stellvertreter wurde gew\u00e4hlt: Andreas Vo\u00df \u2013 Vorsitzender, Thomas Liebeck \u2013 Gesch\u00e4ftsf\u00fchrer, Friedrich Meschede \u2013 Kassierer, Tobias Schult \u2013 Sportwart, Miriam Drechsler \u2013 Jugendwartin,<br \/>\nAstrid Sch\u00fcrmann \u2013 Freizeitbeauftragte. Als Beisitzer wurden Tina Knoth, Elke Bergmann und Ulrike Pankonin best\u00e4tigt.<\/p>\n<p>Folgende Vereinsmitglieder wurden vom Vorsitzenden Paul R\u00f6sel f\u00fcr langj\u00e4hrige Vereinsmitgliedschaft geehrt:<\/p>\n<p><strong><img loading=\"lazy\" decoding=\"async\" class=\"alignnone size-medium wp-image-219\" src=\"https:\/\/www.rufv-bruckhausen.de\/wp-content\/uploads\/2018\/03\/DFLT7774-300x225.jpg\" alt=\"\" width=\"300\" height=\"225\" srcset=\"https:\/\/www.rufv-bruckhausen.de\/wp-content\/uploads\/2018\/03\/DFLT7774-300x225.jpg 300w, https:\/\/www.rufv-bruckhausen.de\/wp-content\/uploads\/2018\/03\/DFLT7774-768x576.jpg 768w, https:\/\/www.rufv-bruckhausen.de\/wp-content\/uploads\/2018\/03\/DFLT7774-1024x768.jpg 1024w, https:\/\/www.rufv-bruckhausen.de\/wp-content\/uploads\/2018\/03\/DFLT7774-676x507.jpg 676w, https:\/\/www.rufv-bruckhausen.de\/wp-content\/uploads\/2018\/03\/DFLT7774.jpg 1280w\" sizes=\"auto, (max-width: 300px) 100vw, 300px\" \/><br \/>\n40-Jahre<\/strong>: Dr. Bettina Over-Bernert, Joachim Bergmann, Dr. Klaus Kinzl, Dorothee Lindenkamp und Henrike Lindenkamp.<br \/>\n<strong>25-Jahre<\/strong>: Bettina Koch, Werner te Heesen und Natalie Riedel.<\/p>\n<p>Der Vorstand des RuFV Bruckhausen 1925 e.V. blickt optimistisch in das Jahr 2018 und freut sich auf eine sportlich erfolgreiche Saison und w\u00fcnscht allen Mitgliedern viel Erfolg.<\/p>\n<p>&nbsp;<\/p>\n","protected":false},"excerpt":{"rendered":"<p>Am 02.02.2018 fand in der Vereins-Gastst\u00e4tte R\u00fchl in Bruckhausen die Jahreshauptversammlung des RUFV Bruckhausen 1925 e.V. statt. Viele aktive und passive Vereinsmitglieder, sowie auch die &hellip; <\/p>\n","protected":false},"author":2,"featured_media":0,"comment_status":"open","ping_status":"closed","sticky":false,"template":"","format":"standard","meta":{"_bbp_topic_count":0,"_bbp_reply_count":0,"_bbp_total_topic_count":0,"_bbp_total_reply_count":0,"_bbp_voice_count":0,"_bbp_anonymous_reply_count":0,"_bbp_topic_count_hidden":0,"_bbp_reply_count_hidden":0,"_bbp_forum_subforum_count":0,"footnotes":""},"categories":[3],"tags":[],"class_list":["post-218","post","type-post","status-publish","format-standard","hentry","category-start"],"_links":{"self":[{"href":"https:\/\/www.rufv-bruckhausen.de\/index.php?rest_route=\/wp\/v2\/posts\/218","targetHints":{"allow":["GET"]}}],"collection":[{"href":"https:\/\/www.rufv-bruckhausen.de\/index.php?rest_route=\/wp\/v2\/posts"}],"about":[{"href":"https:\/\/www.rufv-bruckhausen.de\/index.php?rest_route=\/wp\/v2\/types\/post"}],"author":[{"embeddable":true,"href":"https:\/\/www.rufv-bruckhausen.de\/index.php?rest_route=\/wp\/v2\/users\/2"}],"replies":[{"embeddable":true,"href":"https:\/\/www.rufv-bruckhausen.de\/index.php?rest_route=%2Fwp%2Fv2%2Fcomments&post=218"}],"version-history":[{"count":1,"href":"https:\/\/www.rufv-bruckhausen.de\/index.php?rest_route=\/wp\/v2\/posts\/218\/revisions"}],"predecessor-version":[{"id":220,"href":"https:\/\/www.rufv-bruckhausen.de\/index.php?rest_route=\/wp\/v2\/posts\/218\/revisions\/220"}],"wp:attachment":[{"href":"https:\/\/www.rufv-bruckhausen.de\/index.php?rest_route=%2Fwp%2Fv2%2Fmedia&parent=218"}],"wp:term":[{"taxonomy":"category","embeddable":true,"href":"https:\/\/www.rufv-bruckhausen.de\/index.php?rest_route=%2Fwp%2Fv2%2Fcategories&post=218"},{"taxonomy":"post_tag","embeddable":true,"href":"https:\/\/www.rufv-bruckhausen.de\/index.php?rest_route=%2Fwp%2Fv2%2Ftags&post=218"}],"curies":[{"name":"wp","href":"https:\/\/api.w.org\/{rel}","templated":true}]}}