{"id":465,"date":"2020-02-23T14:39:06","date_gmt":"2020-02-23T13:39:06","guid":{"rendered":"https:\/\/www.rufv-bruckhausen.de\/?p=465"},"modified":"2020-02-23T14:39:06","modified_gmt":"2020-02-23T13:39:06","slug":"reitabzeichen-2020","status":"publish","type":"post","link":"https:\/\/www.rufv-bruckhausen.de\/?p=465","title":{"rendered":"Reitabzeichen 2020"},"content":{"rendered":"\n<figure class=\"wp-block-image size-large\"><img loading=\"lazy\" decoding=\"async\" width=\"1024\" height=\"768\" src=\"https:\/\/www.rufv-bruckhausen.de\/wp-content\/uploads\/2020\/02\/IMG_20200221_195429_resized_20200223_023653968-1024x768.jpg\" alt=\"\" class=\"wp-image-466\" srcset=\"https:\/\/www.rufv-bruckhausen.de\/wp-content\/uploads\/2020\/02\/IMG_20200221_195429_resized_20200223_023653968-1024x768.jpg 1024w, https:\/\/www.rufv-bruckhausen.de\/wp-content\/uploads\/2020\/02\/IMG_20200221_195429_resized_20200223_023653968-300x225.jpg 300w, https:\/\/www.rufv-bruckhausen.de\/wp-content\/uploads\/2020\/02\/IMG_20200221_195429_resized_20200223_023653968-768x576.jpg 768w, https:\/\/www.rufv-bruckhausen.de\/wp-content\/uploads\/2020\/02\/IMG_20200221_195429_resized_20200223_023653968-1536x1152.jpg 1536w, https:\/\/www.rufv-bruckhausen.de\/wp-content\/uploads\/2020\/02\/IMG_20200221_195429_resized_20200223_023653968-1600x1200.jpg 1600w, https:\/\/www.rufv-bruckhausen.de\/wp-content\/uploads\/2020\/02\/IMG_20200221_195429_resized_20200223_023653968.jpg 1984w\" sizes=\"auto, (max-width: 1024px) 100vw, 1024px\" \/><\/figure>\n\n\n\n<p>Am Freitag den 21.02.2020 fand die Pr\u00fcfung zum Reitabzeichen auf der Anlage von Familie R\u00f6sel statt. Nach 2-w\u00f6chigem Lehrgang waren alle Reiter sehr gut vorbereitet.<\/p>\n\n\n\n<p>Die Organisation wurde durch Tina Knoth \u00fcbernommen, die mit viel Herzblut alle Termine und Treffen steuerte. Den theoretischen Unterricht, \u00fcbernahm unser Vorsitzender Paul R\u00f6sel, wie bereits im vergangen Jahr. Das Training im Springen \u00fcbernahm unser J\u00f6rg Benninghoff und f\u00fcr die Dressurausbildung konnte der Verein Andre Keus gewinnen.<\/p>\n\n\n\n<p>Am Pr\u00fcfungstag waren alle sehr aufgeregt, aber es konnten jedoch alle Teilnehmer, unter den strengen Blicken unserer eingeladenen Richter J\u00fcrgen Jahn und Tonius Tielmann ihre Pr\u00fcfung bestehen.<\/p>\n\n\n\n<p>Wir m\u00f6chten uns noch einmal herzlich bei allen Organisatoren, Ausbildern, den Richter und den Eltern f\u00fcr Ihre Mithilfe und Engagement bedanken.<\/p>\n\n\n\n<p>Bestanden haben:<br><strong><em> Pferdef\u00fchrerschein:<\/em><\/strong> Frida van der Heiden, Johanna H\u00f6hne; Leonie Broecker und Julia Wiechert<br> <em><strong>RA6<\/strong><\/em>: Leonie Broecker<br><strong><em> RA5<\/em><\/strong>: Isabell Tenhonsel und Julia Wiechert<br><strong><em> RA4<\/em><\/strong>: Lina Marie Limke und Alicia Mete<br><strong><em> RA3<\/em><\/strong>: Stefanie Ewertz<br><strong><em> RA2<\/em><\/strong>: Liza Frangen<\/p>\n\n\n\n<p><strong>Ein Herzlichen Gl\u00fcckwunsch noch mal an alle Reiterinnen!<\/strong><\/p>\n","protected":false},"excerpt":{"rendered":"<p>Am Freitag den 21.02.2020 fand die Pr\u00fcfung zum Reitabzeichen auf der Anlage von Familie R\u00f6sel statt. Nach 2-w\u00f6chigem Lehrgang waren alle Reiter sehr gut vorbereitet. &hellip; <\/p>\n","protected":false},"author":4,"featured_media":0,"comment_status":"open","ping_status":"closed","sticky":false,"template":"","format":"standard","meta":{"_bbp_topic_count":0,"_bbp_reply_count":0,"_bbp_total_topic_count":0,"_bbp_total_reply_count":0,"_bbp_voice_count":0,"_bbp_anonymous_reply_count":0,"_bbp_topic_count_hidden":0,"_bbp_reply_count_hidden":0,"_bbp_forum_subforum_count":0,"footnotes":""},"categories":[3],"tags":[],"class_list":["post-465","post","type-post","status-publish","format-standard","hentry","category-start"],"_links":{"self":[{"href":"https:\/\/www.rufv-bruckhausen.de\/index.php?rest_route=\/wp\/v2\/posts\/465","targetHints":{"allow":["GET"]}}],"collection":[{"href":"https:\/\/www.rufv-bruckhausen.de\/index.php?rest_route=\/wp\/v2\/posts"}],"about":[{"href":"https:\/\/www.rufv-bruckhausen.de\/index.php?rest_route=\/wp\/v2\/types\/post"}],"author":[{"embeddable":true,"href":"https:\/\/www.rufv-bruckhausen.de\/index.php?rest_route=\/wp\/v2\/users\/4"}],"replies":[{"embeddable":true,"href":"https:\/\/www.rufv-bruckhausen.de\/index.php?rest_route=%2Fwp%2Fv2%2Fcomments&post=465"}],"version-history":[{"count":1,"href":"https:\/\/www.rufv-bruckhausen.de\/index.php?rest_route=\/wp\/v2\/posts\/465\/revisions"}],"predecessor-version":[{"id":467,"href":"https:\/\/www.rufv-bruckhausen.de\/index.php?rest_route=\/wp\/v2\/posts\/465\/revisions\/467"}],"wp:attachment":[{"href":"https:\/\/www.rufv-bruckhausen.de\/index.php?rest_route=%2Fwp%2Fv2%2Fmedia&parent=465"}],"wp:term":[{"taxonomy":"category","embeddable":true,"href":"https:\/\/www.rufv-bruckhausen.de\/index.php?rest_route=%2Fwp%2Fv2%2Fcategories&post=465"},{"taxonomy":"post_tag","embeddable":true,"href":"https:\/\/www.rufv-bruckhausen.de\/index.php?rest_route=%2Fwp%2Fv2%2Ftags&post=465"}],"curies":[{"name":"wp","href":"https:\/\/api.w.org\/{rel}","templated":true}]}}