{"id":482,"date":"2020-03-02T07:58:29","date_gmt":"2020-03-02T06:58:29","guid":{"rendered":"https:\/\/www.rufv-bruckhausen.de\/?p=482"},"modified":"2020-03-02T08:17:13","modified_gmt":"2020-03-02T07:17:13","slug":"jahreshauptversammlung-28-02-2020","status":"publish","type":"post","link":"https:\/\/www.rufv-bruckhausen.de\/?p=482","title":{"rendered":"Jahreshauptversammlung 28.02.2020"},"content":{"rendered":"\n<figure class=\"wp-block-image size-large\"><img loading=\"lazy\" decoding=\"async\" width=\"1024\" height=\"768\" src=\"https:\/\/www.rufv-bruckhausen.de\/wp-content\/uploads\/2020\/02\/Ehrungen2020-1024x768.jpg\" alt=\"\" class=\"wp-image-483\" srcset=\"https:\/\/www.rufv-bruckhausen.de\/wp-content\/uploads\/2020\/02\/Ehrungen2020-1024x768.jpg 1024w, https:\/\/www.rufv-bruckhausen.de\/wp-content\/uploads\/2020\/02\/Ehrungen2020-300x225.jpg 300w, https:\/\/www.rufv-bruckhausen.de\/wp-content\/uploads\/2020\/02\/Ehrungen2020-768x576.jpg 768w, https:\/\/www.rufv-bruckhausen.de\/wp-content\/uploads\/2020\/02\/Ehrungen2020-1536x1152.jpg 1536w, https:\/\/www.rufv-bruckhausen.de\/wp-content\/uploads\/2020\/02\/Ehrungen2020-1600x1200.jpg 1600w, https:\/\/www.rufv-bruckhausen.de\/wp-content\/uploads\/2020\/02\/Ehrungen2020.jpg 1984w\" sizes=\"auto, (max-width: 1024px) 100vw, 1024px\" \/><\/figure>\n\n\n\n<p>Am Freitag den 28.02.2020 fand in der Gastst\u00e4tte R\u00fchl, die diesj\u00e4hrige Jahreshauptversammlung statt. Viele Mitglieder und Eltern haben sich die Zeit genommen und sind zahlreich erschienen.<\/p>\n\n\n\n<p>Paul R\u00f6sel hat nach langj\u00e4hriger Vorsitzenden Arbeit, sein Amt an das neue Vorsitzenden Team J\u00f6rg Benninghoff, Andreas Vo\u00df und Tobias Schult, abgetreten.<\/p>\n\n\n\n<p> Durch de Bildung des Neuen Vorsitz. wurden einige Aufgaben an Alte und Neue Gesichter neu vergeben. Alle Vorschl\u00e4ge wurden durch die Mitglieder angenommen.<\/p>\n\n\n\n<p>Ein besonderes Highlight war die Ehrung unser langj\u00e4hrigen Mitglieder:<\/p>\n\n\n\n<figure class=\"wp-block-table\"><table class=\"\"><tbody><tr><td><strong>Jubil\u00e4um 2020<\/strong><\/td><\/tr><tr><td>25 Jahre:<\/td><\/tr><tr><td>Miriam Ko; Andrea\n  H\u00f6hne, Rosemarie Boie, Anke K\u00e4mpf, Carmen Weitzel<\/td><\/tr><tr><td>40 Jahre:<\/td><\/tr><tr><td>Birgit Setzepfandt,\n  Meike Seitzepfandt, Margret Vo\u00df, Andrea Schulze-Hockenbeck<\/td><\/tr><\/tbody><\/table><\/figure>\n\n\n\n<p>Man kann stolz sein, wenn man Mitglieder hat, die schon 25 und 40 Jahre dem RuFV Bruckhausen die Treue halten<\/p>\n\n\n\n<p>In der Jugendversammlung konnte auch ein Teil des Neuen Vorstand gew\u00e4hlt werden. So haben sich unserer Junioren und Jungen Reiter f\u00fcr Melanie Cieplinski als Jugendwartin und Daniele M\u00fcller als Ihre Stellvertreterin entschieden. Gemeinsam wurden dann schon die ersten Ideen f\u00fcr 2020 gesammelt. <\/p>\n\n\n\n<p>Der Verein m\u00f6chte sich noch einmal f\u00fcr den Einsatz von Paul R\u00f6sel als Vorsitzenden bedanken, und wir freuen uns umso mehr, dass er sich dazu Bereit erkl\u00e4rt hat den Vorstand als Beisitzer mit seiner Erfahrung zu unterst\u00fctzen.<\/p>\n","protected":false},"excerpt":{"rendered":"<p>Am Freitag den 28.02.2020 fand in der Gastst\u00e4tte R\u00fchl, die diesj\u00e4hrige Jahreshauptversammlung statt. Viele Mitglieder und Eltern haben sich die Zeit genommen und sind zahlreich &hellip; <\/p>\n","protected":false},"author":4,"featured_media":0,"comment_status":"open","ping_status":"closed","sticky":false,"template":"","format":"standard","meta":{"_bbp_topic_count":0,"_bbp_reply_count":0,"_bbp_total_topic_count":0,"_bbp_total_reply_count":0,"_bbp_voice_count":0,"_bbp_anonymous_reply_count":0,"_bbp_topic_count_hidden":0,"_bbp_reply_count_hidden":0,"_bbp_forum_subforum_count":0,"footnotes":""},"categories":[3],"tags":[],"class_list":["post-482","post","type-post","status-publish","format-standard","hentry","category-start"],"_links":{"self":[{"href":"https:\/\/www.rufv-bruckhausen.de\/index.php?rest_route=\/wp\/v2\/posts\/482","targetHints":{"allow":["GET"]}}],"collection":[{"href":"https:\/\/www.rufv-bruckhausen.de\/index.php?rest_route=\/wp\/v2\/posts"}],"about":[{"href":"https:\/\/www.rufv-bruckhausen.de\/index.php?rest_route=\/wp\/v2\/types\/post"}],"author":[{"embeddable":true,"href":"https:\/\/www.rufv-bruckhausen.de\/index.php?rest_route=\/wp\/v2\/users\/4"}],"replies":[{"embeddable":true,"href":"https:\/\/www.rufv-bruckhausen.de\/index.php?rest_route=%2Fwp%2Fv2%2Fcomments&post=482"}],"version-history":[{"count":3,"href":"https:\/\/www.rufv-bruckhausen.de\/index.php?rest_route=\/wp\/v2\/posts\/482\/revisions"}],"predecessor-version":[{"id":487,"href":"https:\/\/www.rufv-bruckhausen.de\/index.php?rest_route=\/wp\/v2\/posts\/482\/revisions\/487"}],"wp:attachment":[{"href":"https:\/\/www.rufv-bruckhausen.de\/index.php?rest_route=%2Fwp%2Fv2%2Fmedia&parent=482"}],"wp:term":[{"taxonomy":"category","embeddable":true,"href":"https:\/\/www.rufv-bruckhausen.de\/index.php?rest_route=%2Fwp%2Fv2%2Fcategories&post=482"},{"taxonomy":"post_tag","embeddable":true,"href":"https:\/\/www.rufv-bruckhausen.de\/index.php?rest_route=%2Fwp%2Fv2%2Ftags&post=482"}],"curies":[{"name":"wp","href":"https:\/\/api.w.org\/{rel}","templated":true}]}}