{"id":664,"date":"2022-04-04T07:37:02","date_gmt":"2022-04-04T06:37:02","guid":{"rendered":"https:\/\/www.rufv-bruckhausen.de\/?p=664"},"modified":"2022-04-04T07:37:20","modified_gmt":"2022-04-04T06:37:20","slug":"reitabzeichenpruefung-19-03-22","status":"publish","type":"post","link":"https:\/\/www.rufv-bruckhausen.de\/?p=664","title":{"rendered":"Reitabzeichenpr\u00fcfung 19.03.22"},"content":{"rendered":"<p><img loading=\"lazy\" decoding=\"async\" class=\"size-medium wp-image-663 alignleft\" src=\"https:\/\/www.rufv-bruckhausen.de\/wp-content\/uploads\/2022\/04\/RA22-300x225.jpg\" alt=\"\" width=\"300\" height=\"225\" srcset=\"https:\/\/www.rufv-bruckhausen.de\/wp-content\/uploads\/2022\/04\/RA22-300x225.jpg 300w, https:\/\/www.rufv-bruckhausen.de\/wp-content\/uploads\/2022\/04\/RA22-768x576.jpg 768w, https:\/\/www.rufv-bruckhausen.de\/wp-content\/uploads\/2022\/04\/RA22.jpg 960w\" sizes=\"auto, (max-width: 300px) 100vw, 300px\" \/><\/p>\n<div class=\"kvgmc6g5 cxmmr5t8 oygrvhab hcukyx3x c1et5uql ii04i59q\">\n<div dir=\"auto\">Reitabzeichen Pr\u00fcfung am 19.03.2022<\/div>\n<\/div>\n<div class=\"cxmmr5t8 oygrvhab hcukyx3x c1et5uql o9v6fnle ii04i59q\">\n<div dir=\"auto\">Die Reiter konnten mit hervorragenden Noten am 19.03.22 gemeinsam mit ihren Pferden die Pr\u00fcfungen zu verschiedenen Reitabzeichen bestehen.<\/div>\n<\/div>\n<div class=\"cxmmr5t8 oygrvhab hcukyx3x c1et5uql o9v6fnle ii04i59q\">\n<div dir=\"auto\">Tonius Tielmann und J\u00fcrgen Jahn nahmen als Richter die Reitabzeichenpr\u00fcfung auf der Anlage von Familie R\u00f6sel ab und waren sehr zufrieden mit den M\u00e4dchen.<\/div>\n<\/div>\n<div class=\"cxmmr5t8 oygrvhab hcukyx3x c1et5uql o9v6fnle ii04i59q\">\n<div dir=\"auto\">Ein gro\u00dfer Dank geht noch einmal an die Ausbilder und Betreuer, J\u00f6rg Benninghoff, Andr\u00e9 Keus, Tina Knoth und Mareike Kapp.<\/div>\n<\/div>\n<div class=\"cxmmr5t8 oygrvhab hcukyx3x c1et5uql o9v6fnle ii04i59q\">\n<div dir=\"auto\" style=\"text-align: left;\">\n<div tabindex=\"0\" role=\"button\"><\/div>\n<div class=\"oajrlxb2 g5ia77u1 qu0x051f esr5mh6w e9989ue4 r7d6kgcz rq0escxv nhd2j8a9 nc684nl6 p7hjln8o kvgmc6g5 cxmmr5t8 oygrvhab hcukyx3x jb3vyjys rz4wbd8a qt6c0cv9 a8nywdso i1ao9s8h esuyzwwr f1sip0of lzcic4wl\" tabindex=\"0\" role=\"button\">Gl\u00fcckwunsch<span style=\"font-size: 1.125rem;\">\u00a0an Nela K\u00f6ster, Franziska Moll, Celine Huppertz, Marie Overl\u00f6per, Wiebke Schaum und Carlotta Wittmann<\/span><span class=\"pq6dq46d tbxw36s4 knj5qynh kvgmc6g5 ditlmg2l oygrvhab nvdbi5me sf5mxxl7 gl3lb2sf hhz5lgdu\" style=\"font-size: 1.125rem;\"><img loading=\"lazy\" decoding=\"async\" src=\"https:\/\/static.xx.fbcdn.net\/images\/emoji.php\/v9\/te0\/1.5\/16\/1f340.png\" alt=\"&#x1f340;\" width=\"16\" height=\"16\" \/><\/span><span class=\"pq6dq46d tbxw36s4 knj5qynh kvgmc6g5 ditlmg2l oygrvhab nvdbi5me sf5mxxl7 gl3lb2sf hhz5lgdu\" style=\"font-size: 1.125rem;\"><img loading=\"lazy\" decoding=\"async\" src=\"https:\/\/static.xx.fbcdn.net\/images\/emoji.php\/v9\/t55\/1.5\/16\/1f44d.png\" alt=\"&#x1f44d;\" width=\"16\" height=\"16\" \/><\/span><span class=\"pq6dq46d tbxw36s4 knj5qynh kvgmc6g5 ditlmg2l oygrvhab nvdbi5me sf5mxxl7 gl3lb2sf hhz5lgdu\" style=\"font-size: 1.125rem;\"><img loading=\"lazy\" decoding=\"async\" src=\"https:\/\/static.xx.fbcdn.net\/images\/emoji.php\/v9\/td8\/1.5\/16\/1f60a.png\" alt=\"&#x1f60a;\" width=\"16\" height=\"16\" \/><\/span><\/div>\n<\/div>\n<\/div>\n","protected":false},"excerpt":{"rendered":"<p>Reitabzeichen Pr\u00fcfung am 19.03.2022 Die Reiter konnten mit hervorragenden Noten am 19.03.22 gemeinsam mit ihren Pferden die Pr\u00fcfungen zu verschiedenen Reitabzeichen bestehen. Tonius Tielmann und &hellip; <\/p>\n","protected":false},"author":4,"featured_media":0,"comment_status":"closed","ping_status":"closed","sticky":false,"template":"","format":"standard","meta":{"_bbp_topic_count":0,"_bbp_reply_count":0,"_bbp_total_topic_count":0,"_bbp_total_reply_count":0,"_bbp_voice_count":0,"_bbp_anonymous_reply_count":0,"_bbp_topic_count_hidden":0,"_bbp_reply_count_hidden":0,"_bbp_forum_subforum_count":0,"footnotes":""},"categories":[3],"tags":[],"class_list":["post-664","post","type-post","status-publish","format-standard","hentry","category-start"],"_links":{"self":[{"href":"https:\/\/www.rufv-bruckhausen.de\/index.php?rest_route=\/wp\/v2\/posts\/664","targetHints":{"allow":["GET"]}}],"collection":[{"href":"https:\/\/www.rufv-bruckhausen.de\/index.php?rest_route=\/wp\/v2\/posts"}],"about":[{"href":"https:\/\/www.rufv-bruckhausen.de\/index.php?rest_route=\/wp\/v2\/types\/post"}],"author":[{"embeddable":true,"href":"https:\/\/www.rufv-bruckhausen.de\/index.php?rest_route=\/wp\/v2\/users\/4"}],"replies":[{"embeddable":true,"href":"https:\/\/www.rufv-bruckhausen.de\/index.php?rest_route=%2Fwp%2Fv2%2Fcomments&post=664"}],"version-history":[{"count":1,"href":"https:\/\/www.rufv-bruckhausen.de\/index.php?rest_route=\/wp\/v2\/posts\/664\/revisions"}],"predecessor-version":[{"id":665,"href":"https:\/\/www.rufv-bruckhausen.de\/index.php?rest_route=\/wp\/v2\/posts\/664\/revisions\/665"}],"wp:attachment":[{"href":"https:\/\/www.rufv-bruckhausen.de\/index.php?rest_route=%2Fwp%2Fv2%2Fmedia&parent=664"}],"wp:term":[{"taxonomy":"category","embeddable":true,"href":"https:\/\/www.rufv-bruckhausen.de\/index.php?rest_route=%2Fwp%2Fv2%2Fcategories&post=664"},{"taxonomy":"post_tag","embeddable":true,"href":"https:\/\/www.rufv-bruckhausen.de\/index.php?rest_route=%2Fwp%2Fv2%2Ftags&post=664"}],"curies":[{"name":"wp","href":"https:\/\/api.w.org\/{rel}","templated":true}]}}